{"id":906,"date":"2026-01-27T21:11:36","date_gmt":"2026-01-27T21:11:36","guid":{"rendered":"https:\/\/calvarychapelaveiro.pt\/?p=906"},"modified":"2026-01-27T21:11:37","modified_gmt":"2026-01-27T21:11:37","slug":"starting-summer-2026","status":"publish","type":"post","link":"https:\/\/calvarychapelaveiro.pt\/pt\/starting-summer-2026\/","title":{"rendered":"A partir do ver\u00e3o de 2026"},"content":{"rendered":"<p>Estamos entusiasmados por iniciar a Calvary Chapel Aveiro no ver\u00e3o de 2026!<br>Fique atento para mais informa\u00e7\u00f5es!<\/p>","protected":false},"excerpt":{"rendered":"<p>Estamos entusiasmados com o in\u00edcio da Calvary Chapel Aveiro no ver\u00e3o de 2026! Fique atento para mais informa\u00e7\u00f5es!<\/p>","protected":false},"author":1,"featured_media":0,"comment_status":"open","ping_status":"open","sticky":false,"template":"","format":"standard","meta":{"footnotes":""},"categories":[1],"tags":[],"class_list":["post-906","post","type-post","status-publish","format-standard","hentry","category-uncategorized","ctfw-no-image"],"_links":{"self":[{"href":"https:\/\/calvarychapelaveiro.pt\/pt\/wp-json\/wp\/v2\/posts\/906","targetHints":{"allow":["GET"]}}],"collection":[{"href":"https:\/\/calvarychapelaveiro.pt\/pt\/wp-json\/wp\/v2\/posts"}],"about":[{"href":"https:\/\/calvarychapelaveiro.pt\/pt\/wp-json\/wp\/v2\/types\/post"}],"author":[{"embeddable":true,"href":"https:\/\/calvarychapelaveiro.pt\/pt\/wp-json\/wp\/v2\/users\/1"}],"replies":[{"embeddable":true,"href":"https:\/\/calvarychapelaveiro.pt\/pt\/wp-json\/wp\/v2\/comments?post=906"}],"version-history":[{"count":1,"href":"https:\/\/calvarychapelaveiro.pt\/pt\/wp-json\/wp\/v2\/posts\/906\/revisions"}],"predecessor-version":[{"id":907,"href":"https:\/\/calvarychapelaveiro.pt\/pt\/wp-json\/wp\/v2\/posts\/906\/revisions\/907"}],"wp:attachment":[{"href":"https:\/\/calvarychapelaveiro.pt\/pt\/wp-json\/wp\/v2\/media?parent=906"}],"wp:term":[{"taxonomy":"category","embeddable":true,"href":"https:\/\/calvarychapelaveiro.pt\/pt\/wp-json\/wp\/v2\/categories?post=906"},{"taxonomy":"post_tag","embeddable":true,"href":"https:\/\/calvarychapelaveiro.pt\/pt\/wp-json\/wp\/v2\/tags?post=906"}],"curies":[{"name":"wp","href":"https:\/\/api.w.org\/{rel}","templated":true}]}}